{"id":160,"date":"2007-03-28T23:30:49","date_gmt":"2007-03-28T21:30:49","guid":{"rendered":"http:\/\/rocknroll-reporter.de\/blognroll\/?p=160"},"modified":"2007-03-28T23:30:49","modified_gmt":"2007-03-28T21:30:49","slug":"gehirnchaos","status":"publish","type":"post","link":"http:\/\/tanterock.de\/?p=160","title":{"rendered":"Gehirnchaos"},"content":{"rendered":"<p>Nu isser da, der Tag 0. Heute habe ich meinen Redaktionsschl\u00fcssel abgegeben, meinen Tee aus dem Schrank und meinen Kram aus den Schubladen ger\u00e4umt. Das war schon ein verdammt komisches, gar nicht so tolles Gef\u00fchl, das bis jetzt noch nicht nachgelassen hat.<br \/>\nMontag werde ich wahrscheinlich das erste Mal so wirklich realisieren, dass ich vorerst nicht mehr in die Tretm\u00fchle der MW zur\u00fcck muss. Aber vorerst habe ich noch x Dinge, die mich mit Beschlag belegen. Zum einen den Halbmarathon, auf den ich zunehmend neurotisch reagiere und vor dem ich immer mehr Muffen habe. Au\u00dferdem habe ich morgen noch einen arbeitsreichen Tag mit anderen geldbringenden Projekten vor der Brust. Und gerade komme ich von einer Veranstaltung im Theater an der Ruhr, \u00fcber die ich f\u00fcr die WAZ schreiben muss (ja, trotzdem noch). Gerhart Baum, einstiger Bundesinnenminister, hat dort zum Thema RAF erz\u00e4hlt. Obwohl FDP&#8217;ler, hatte er doch wirklich sehr gute Aussagen. Es war ein \u00fcberaus interessanter Abend mit Unmengen an Informationen und es f\u00e4llt mir gerade enorm schwer, daraus einen kurzen Artikel zu basteln. Baum, der \u00fcbrigens zu seiner Amtszeit (78-82) selbst auf der Abschussliste der RAF stand, ist der festen \u00dcberzeugung, dass es richtig ist, dass Brigitte Mohnhaupt jetzt frei ist &#8211; denn es entspricht den Grundreglen unserer Rechtssprechung (b.t.w.: ganz meine Meinung). Und auch der Diskussion \u00fcber die \u00c4u\u00dferungen Klars kann er das Grundgesetz entgegenhalten: Denn gl\u00fccklichweise haben wir ja das Recht auf freie Meinungs\u00e4u\u00dferung (steht jedenfalls im Grundgesetz). Auch was sonst gesagt wurde, hat mir wirklich jede Menge Futter zum nachdenken gegeben. &#8222;Wir waren einmal so sehr auf die Gnade der anderen angewiesen &#8211; warum k\u00f6nnen wir dann jetzt nicht selbst Gnade walten lassen?&#8220; war eine der Fragen aus dem Publikum, die mich sehr ber\u00fchrt hat, weil ich sie so wahr finde.<br \/>\nJedenfalls war das heute alles ein bisschen viel an Eindr\u00fccken und Gef\u00fchlen, so dass ich mich gerade sehr kippelig f\u00fchle und ganz m\u00fcde, auch innerlich, und ziemlich Gehirnchaos habe. Den Artikel werde ich morgen fr\u00fch zu Ende schreiben m\u00fcssen &#8211; das wird heute wohl nichts mehr&#8230;<\/p>\n<p>&nbsp;<\/p>\n<p>Update (ganz viel Zeit sp\u00e4ter): Ich hab den Text gefunden, den ich damals f\u00fcr die WAZ geschrieben habe. Hier ist er:<\/p>\n<p>&#8222;Gnadenlos? Notstand f\u00fcr die Grundrechte?&#8220; war der Titel des politischen Salons des Theaters an der Ruhr am Mittwochabend. Anlass war die aktuelle Diskussion um die Freilassung von Brigitte Mohnhaupt, die als RAF-Terroristin 1982 zu f\u00fcnffach lebensl\u00e4nglich verurteilt worden war. Als Gast war Gerhart Baum geladen, ehemaliger Bundesinnenminister (1978-1982), der sich damals wie heute aktiv mit dem Thema RAF auseinandergesetzt hat. Das Theater-Caf\u00e9 &#8222;La Luna&#8220; war voll besetzt mit rund 70 \u00fcberwiegend \u00e4lteren Zuh\u00f6rern. \u00a0 &#8222;Es ist ein starker Staat, der Gnade \u00fcben kann&#8220;, erkl\u00e4rte Baum, der in seiner Zeit als Innenminister selbst auf der Abschussliste der RAF stand. Der Rechtsanwalt stellte klar, dass Mohnhaupt nach deutschem Recht ihre Strafe abgesessen habe und jetzt regul\u00e4r entlassen wurde, denn: &#8222;Es gibt in unserem Land keine lebenslange Haft, die lebenslang verb\u00fc\u00dft wird.&#8220; Dass dies heute einen solchen Aufruhr verursacht, hinge auch mit dem subjektiven Unsicherheitsempfinden der Bev\u00f6lkerung zusammen, mit dem Boulevardmedien und Politiker spielen w\u00fcrden. Er beleuchtete die Zeit der Entstehung der RAF genauso wie die Auseinandersetzung des Staates mit dem Terror von links und stellte fest: &#8222;Linker Terror wurde immer schon mehr beachtet als der von rechts. Dabei gab es bereits damals genauso viele Anschl\u00e4ge rechter Gruppierungen.&#8220;<\/p>\n<p>Dann durfte das Publikum Fragen an den FDP-Politiker stellen. Die kamen recht verhalten und \u00fcberwiegend von den \u00e4lteren Zuh\u00f6rern. Angst vor einer Tendenz nach Rechts war dabei genauso Thema wie das Gef\u00fchl der Ohnmacht, Kritik an den Medien und die Verarmung der Gesellschaft. Aber auch die Frage, ob die RAF vielleicht n\u00f6tig gewesen sei,\u00a0 wurde gestellt. &#8222;Die Protestbewegung hatte die RAF nicht n\u00f6tig, die RAF aber die Protestbewegung. Die Ver\u00e4nderungen, die wir heute haben, h\u00e4tte es auch ohne die RAF gegeben&#8220;, war die klare Meinung Baums.\u00a0 \u201cWir waren einmal so sehr auf die Gnade der anderen angewiesen \u2013 warum k\u00f6nnen wir dann jetzt nicht selbst Gnade walten lassen?\u201d war die Fragen eines \u00e4lteren Herrn, die viele ber\u00fchrte und Zustimmung fand.<\/p>\n<p>Nach insgesamt zweieinhalb Stunden verabschiedete sich Baum und freute sich, dass es an dem Abend gelungen war, den Bogen von der RAF-Debatte zur Gesellschaftskritik zu schlagen. Das Publikum dankte ihm mit langanhaltendem Applaus.<\/p>\n","protected":false},"excerpt":{"rendered":"<p>Nu isser da, der Tag 0. Heute habe ich meinen Redaktionsschl\u00fcssel abgegeben, meinen Tee aus dem Schrank und meinen Kram aus den Schubladen ger\u00e4umt. Das &hellip; <\/p>\n","protected":false},"author":1,"featured_media":0,"comment_status":"open","ping_status":"open","sticky":false,"template":"","format":"standard","meta":[],"categories":[16,22],"tags":[19,20,21,23],"_links":{"self":[{"href":"http:\/\/tanterock.de\/index.php?rest_route=\/wp\/v2\/posts\/160"}],"collection":[{"href":"http:\/\/tanterock.de\/index.php?rest_route=\/wp\/v2\/posts"}],"about":[{"href":"http:\/\/tanterock.de\/index.php?rest_route=\/wp\/v2\/types\/post"}],"author":[{"embeddable":true,"href":"http:\/\/tanterock.de\/index.php?rest_route=\/wp\/v2\/users\/1"}],"replies":[{"embeddable":true,"href":"http:\/\/tanterock.de\/index.php?rest_route=%2Fwp%2Fv2%2Fcomments&post=160"}],"version-history":[{"count":0,"href":"http:\/\/tanterock.de\/index.php?rest_route=\/wp\/v2\/posts\/160\/revisions"}],"wp:attachment":[{"href":"http:\/\/tanterock.de\/index.php?rest_route=%2Fwp%2Fv2%2Fmedia&parent=160"}],"wp:term":[{"taxonomy":"category","embeddable":true,"href":"http:\/\/tanterock.de\/index.php?rest_route=%2Fwp%2Fv2%2Fcategories&post=160"},{"taxonomy":"post_tag","embeddable":true,"href":"http:\/\/tanterock.de\/index.php?rest_route=%2Fwp%2Fv2%2Ftags&post=160"}],"curies":[{"name":"wp","href":"https:\/\/api.w.org\/{rel}","templated":true}]}}